{"id":2198,"date":"2024-03-14T13:32:28","date_gmt":"2024-03-14T13:32:28","guid":{"rendered":"https:\/\/www.santmedia.nl\/?p=2198"},"modified":"2025-03-17T11:58:51","modified_gmt":"2025-03-17T11:58:51","slug":"villa-la-colombaia-ischia","status":"publish","type":"post","link":"https:\/\/www.santmedia.nl\/index.php\/villa-la-colombaia-ischia\/","title":{"rendered":"Villa La Colombaia, Ischia"},"content":{"rendered":"<p><a href=\"https:\/\/www.santmedia.nl\/index.php\/villa-la-colombaia-ischia\/\" target=\"_blank\" rel=\"noopener\"><img loading=\"lazy\" decoding=\"async\" class=\"alignnone wp-image-2199 size-full\" title=\"Villa La Colombaia van Luchiano Visconti, Ischia, Itali\u00eb, \u00a9 Tekst Eric Govers, Foto's Liesbeth van der Wal, www.santmedia.nl\" src=\"https:\/\/www.santmedia.nl\/wp-content\/uploads\/2024\/03\/Colombaia0112.jpg\" alt=\"Italy, eiland, vakantie Itali\u00eb, Villa La Colombaia van Luchiano Visconti, Ischia, Itali\u00eb, \u00a9 Tekst Eric Govers, Foto's Liesbeth van der Wal, www.santmedia.nl\" width=\"1000\" height=\"500\" srcset=\"https:\/\/www.santmedia.nl\/wp-content\/uploads\/2024\/03\/Colombaia0112.jpg 1000w, https:\/\/www.santmedia.nl\/wp-content\/uploads\/2024\/03\/Colombaia0112-300x150.jpg 300w, https:\/\/www.santmedia.nl\/wp-content\/uploads\/2024\/03\/Colombaia0112-768x384.jpg 768w\" sizes=\"auto, (max-width: 1000px) 100vw, 1000px\" \/><\/a><\/p>\n<p><strong>Een van de bekendste cineasten van Itali\u00eb, Luchiano Visconti (1906-1976) , kocht halverwege de vorige eeuw e<\/strong><strong>en oude villa op het vulkan<\/strong><strong>ische eiland Ischia in de golf van Napels. Het huis op Kaap Zaro \u2013 gebouwd op een gestolde lavastroom en uit het zicht onttrokken door parasoldennen en pijnbomen \u2013 werd al spoedig\u00a0een toevluchtsoord voor jon<\/strong><strong>ge acteurs, schrijvers en muzikanten. Hier schreef Visconti op zwoele zomeravonden de scenario\u2019s voor zijn neorealistische films. <\/strong><\/p>\n<p>Vanaf het kustplaatsje Lacco Ameno ontbreekt iedere bewegwijzering naar de villa van de beroemde Italiaanse cineast. Pas bij <i>La Mortella<\/i>, een exotische tuin van de Engelse componist Sir William Walton, staat een klein bordje met een pijl naar \u2018<i>La Colombaia\u2019. <\/i>Op een hobbelig en onverhard bospad raken we even vertwijfeld, maar nog geen minuut later doemt de spierwitte villa met z\u2019n gotisch gevormde raampartijen en Moorse kantelen op. In de bostuin liggen her en der enorme rotsblokken, alsof een reus zijn speelgoed niet heeft opgeruimd. Pas dan dringt de werkelijke omvang van het huis tot ons door.<\/p>\n<p><a href=\"https:\/\/www.santmedia.nl\/index.php\/villa-la-colombaia-ischia\/\" target=\"_blank\" rel=\"noopener\"><img loading=\"lazy\" decoding=\"async\" class=\"alignnone wp-image-2200 size-full\" title=\"Villa La Colombaia van Luchiano Visconti, Ischia, Itali\u00eb, \u00a9 Tekst Eric Govers, Foto's Liesbeth van der Wal, www.santmedia.nl\" src=\"https:\/\/www.santmedia.nl\/wp-content\/uploads\/2024\/03\/LaColombaia3.jpg\" alt=\"Italy, eiland, vakantie Itali\u00eb, Villa La Colombaia van Luchiano Visconti, Ischia, Itali\u00eb, \u00a9 Tekst Eric Govers, Foto's Liesbeth van der Wal, www.santmedia.nl\" width=\"1000\" height=\"391\" srcset=\"https:\/\/www.santmedia.nl\/wp-content\/uploads\/2024\/03\/LaColombaia3.jpg 1000w, https:\/\/www.santmedia.nl\/wp-content\/uploads\/2024\/03\/LaColombaia3-300x117.jpg 300w, https:\/\/www.santmedia.nl\/wp-content\/uploads\/2024\/03\/LaColombaia3-768x300.jpg 768w\" sizes=\"auto, (max-width: 1000px) 100vw, 1000px\" \/><\/a><\/p>\n<p><strong>Maria Callas<br \/>\n<\/strong>Via twee trappen aan de buitenzijde van\u00a0de villa staan we op de eerste verdieping. In de serre, \u00a0waar de deuren wijd openstaan genieten we van een onbelemmerd uitzicht over de azuurblauwe zee. De zilte zeelucht wordt vermengd met de geur van hars van de omringende dennenbomen. Op de tafels staan vazen met rozen en hortensia\u2019s, Visconti\u2019s geliefde bloemen. Vanuit zijn werkkamer klinkt muziek van Maria Callas, \u00a0een groot vertolkster van Italiaanse Opera\u2019s. <i>\u201cAls goede vriendin van Visconti kwam zij hier vaak op bezoek<\/i><i>\u201d \u00a0<\/i>verteld onze gastheer Giovannangelo De Angelis.\u00a0 De Angelis was als architect nauw betrokken bij de restauratie van deze bijzondere villa. Na jarenlange onderhandelingen met de erven kon het in verval geraakte huis eindelijk in 2001 worden aangekocht door een foundation die over dit culturele erfgoed waakt.<\/p>\n<p><a href=\"https:\/\/www.santmedia.nl\/index.php\/villa-la-colombaia-ischia\/\" target=\"_blank\" rel=\"noopener\"><img loading=\"lazy\" decoding=\"async\" class=\"alignnone wp-image-2201 size-full\" title=\"Villa La Colombaia van Luchiano Visconti, Ischia, Itali\u00eb, \u00a9 Tekst Eric Govers, Foto's Liesbeth van der Wal, www.santmedia.nl\" src=\"https:\/\/www.santmedia.nl\/wp-content\/uploads\/2024\/03\/LaColombaia1.jpg\" alt=\"Italy, eiland, vakantie Itali\u00eb, Villa La Colombaia van Luchiano Visconti, Ischia, Itali\u00eb, \u00a9 Tekst Eric Govers, Foto's Liesbeth van der Wal, www.santmedia.nl\" width=\"1000\" height=\"346\" srcset=\"https:\/\/www.santmedia.nl\/wp-content\/uploads\/2024\/03\/LaColombaia1.jpg 1000w, https:\/\/www.santmedia.nl\/wp-content\/uploads\/2024\/03\/LaColombaia1-300x104.jpg 300w, https:\/\/www.santmedia.nl\/wp-content\/uploads\/2024\/03\/LaColombaia1-768x266.jpg 768w\" sizes=\"auto, (max-width: 1000px) 100vw, 1000px\" \/><\/a><\/p>\n<p><strong>Bouwstijl<br \/>\n<\/strong>Onder de naam Dovecote (letterlijk \u2018Duiventil\u2019) werd het pand eind negentiende eeuw gebouwd in opdracht van Louis Patalano (1869-1954) een advocaat uit een welgestelde familie uit het nabijgelegen plaatsje Forio. Tijdens diens rondreis door Zuid Frankrijk raakte de advocaat zo gefascineerd door middeleeuwse kastelen en burchten, dat hij de architectkunstenaar Roberto Pane opdracht gaf om zijn huis in een eclectische fin-de-si\u00e8cle stijl te ontwerpen. Deze typische bouwkunst waarin elementen van twee of meer historische stijlen gecombineerd worden, verwezenlijkten Patalone\u2019s mythische fantasie\u00ebn. Helaas door omstandigheden in een gewijzigd politiek klimaat (Patalone was een overtuigd socialist) zag hij zich in 1938 genoodzaakt zijn huis te verkopen aan Baron Mezzatorre Fassini, die het op zijn beurt na de tweede wereldoorlog aan de cineast verkocht.<\/p>\n<p>In een filmzaal worden de meesterwerken van Visconti vertoond. De eetkamer en de hal hangen vol met grote zwart-wit foto\u2019s\u00a0 van filmstills. Alain Delon, Claudia Cardinale,\u00a0 Burt Lancaster, Federico Fellini, Romy Schneider en Roberto Rossellini, allemaal hebben ze hier een voet over de drempel gezet. Ook Elizabeth Taylor en Richard Burton waren hier in 1963 te gast vanwege de filmopnamen van \u2018Cleopatra\u2019 die bij het Castello Argonesa aan de oostzijde van het eiland plaatsvonden.<\/p>\n<p>Helaas heeft het bijzondere gekleurde glas van de liftschacht de jarenlange leegstand niet overleefd, maar een deel daarvan is nu verwerkt in de huis- bar. Het zelfde gold voor het meubilair. <i>\u201cSlechts enkele stukken zijn bewaard gebleven, maar de familie van Visconti hechten er destijds geen waarde aan en deden alles weg\u201d \u00a0<\/i>vertelt Giovannangelo.\u00a0 Hij is trots dat hier nu workshops voor jonge acteurs en actrices worden georganiseerd en culturele vernissages plaatsvinden. De belangrijkste is de jaarlijkse uitreiking van de Angelo Rizzoli Award voor de beste scenarioschrijver(ster).<\/p>\n<p><a href=\"https:\/\/www.santmedia.nl\/index.php\/villa-la-colombaia-ischia\/\" target=\"_blank\" rel=\"noopener\"><img loading=\"lazy\" decoding=\"async\" class=\"alignnone wp-image-2202 size-full\" title=\"Villa La Colombaia van Luchiano Visconti, Ischia, Itali\u00eb, \u00a9 Tekst Eric Govers, Foto's Liesbeth van der Wal, www.santmedia.nl\" src=\"https:\/\/www.santmedia.nl\/wp-content\/uploads\/2024\/03\/LaColombaia5-1024x348-1.jpg\" alt=\"Italy, eiland, vakantie Itali\u00eb, Villa La Colombaia van Luchiano Visconti, Ischia, Itali\u00eb, \u00a9 Tekst Eric Govers, Foto's Liesbeth van der Wal, www.santmedia.nl\" width=\"1024\" height=\"348\" srcset=\"https:\/\/www.santmedia.nl\/wp-content\/uploads\/2024\/03\/LaColombaia5-1024x348-1.jpg 1024w, https:\/\/www.santmedia.nl\/wp-content\/uploads\/2024\/03\/LaColombaia5-1024x348-1-300x102.jpg 300w, https:\/\/www.santmedia.nl\/wp-content\/uploads\/2024\/03\/LaColombaia5-1024x348-1-768x261.jpg 768w\" sizes=\"auto, (max-width: 1024px) 100vw, 1024px\" \/><\/a><\/p>\n<p><strong>Tegenstellingen<br \/>\n<\/strong>Luchino Visconti bracht zijn jeugdvakanties door in Villa Erba, in het plaatsje Cernobbio aan het Lago di Como. Hij werd geboren als graaf Don Luchino di Modrone en was lid van de hoogste adel in Milaan. Zijn vader Guiseppe was een afstammeling van de hertogen Visconti, die in de Middeleeuwen en de vroege renaissance over Noord-Italie heersten. Zijn moeder Carla Erba was een intelligente knappe dame uit de Milanese haute-bourgeoisie die een van de grootste farmaceutische bedrijven in Itali\u00eb bezat. Tijdens zijn jeugd gingen Luchiano\u2019s interesses vooral uit naar kunst, literatuur, theater, muziek en renpaarden. Maar zijn leven zat vol tegenstellingen<b>.<\/b> Van geboorte was hij aristocraat, maar hij was ook marxist. Rond zijn dertigste werd hij gegrepen door het medium film, en dankzij de bemiddeling van zijn vriendin Coco Chanel, kon hij eerst als kostuumontwerper en korte tijd later als assistent van de franse regisseur Jean Renoir aan de slag. Dankzij het linkse milieu rondom Renoir werd hij een fel tegenstander van het fascisme. Maar in dezelfde periode onderhield hij ook een hechte band met Vittorio, de zoon van Benito Mussolini ! De cineast worstelde zijn gehele leven met zijn sexuele geaardheid. Dit aspect werd pas bekend nadat de brieven die hij schreef aan verschillende jonge mannen in 1980 openbaar en gepubliceerd werden. Vlak voor de oorlog had hij zijn eerste homoseksuele verhouding met een jonge Duitse fotograaf. De relatie duurde slechts drie jaar, maar hun vriendschap bleef bestaan tot aan zijn dood in 1976.<\/p>\n<p><strong>Film oeuvre<br \/>\n<\/strong>Visconti\u2019s eerste speelfilm <i>Ossesione<\/i> uit 1942 veroorzaakte een enorme rel. De subtiele homo erotiek, het pessimisme en zijn kritiek op kerk en overheid waren dermate choquerend, dat de film direct uit de roulatie werd genomen en het negatief werd verbrand. De film was feitelijk het begin van een nieuwe stroming in de Italiaanse film industrie, het zogenaamde neorealisme. Er kwam aandacht voor proletarische thema\u2019s waarin het werkelijke leven, de tragedie en melodrama subliem werden getoond. Visconti dook onder, ging in het verzet maar werd toch opgepakt. Op een haar na ontsnapte hij aan de massamoord in de Ardeatijnse grotten en kwam vlak voor de bevrijding van Rome vrij. Na de oorlog werkte hij een paar jaar voor het theater, maar in 1948 keerde hij terug met \u201cLa terra trema\u201d, een epos over de arbeidsvoorwaarden van de Siciliaanse vissers. Opmerkelijk was dat er in de cast geen enkele beroepsacteur zat, omdat die er eenvoudig niet meer waren. De film werd gedraaid zonder studio\u2019s en de figuranten werden gewoon van straat opgepikt. Toch wordt \u201cRocco e i suoi fratelli\u201d uit 1960 \u00a0&#8211; die net \u2018la terra\u2019 een proletarisch thema had &#8211;\u00a0 algemeen beschouwd als Visconti\u2019s meest besproken film. \u00a0Visconti\u2019s laatste twee films\u00a0 <i>Gruppo di famiglia in un interno<\/i> uit 1974 en <i>L\u2019Innocente <\/i>uit 1976 waren hoogtepunten van zijn carri\u00e8re en weerspiegelden zijn groeiende openheid over zijn homoseksualiteit. Tijdens de montagefase van L\u2019Innocente stierf Visconti op 17 maart 1976 en de film in Cannes ging postuum in premi\u00e8re. Zijn carri\u00e8re en prive leven en waren groots maar ook zeer complex, hetgeen hem \u00e9\u00e9n van de toonaangevende figuren van de Italiaanse cultuur uit de twintigste eeuw hebben gemaakt. Een rots met een kleine gedenkplaat achter in de tuin van de villa markeert de plaats waar zijn as, alsmede die van zijn geliefde zus werd uitgestrooid.<\/p>\n<p>&nbsp;<\/p>\n<p>Tekst Eric Govers Fotografie Liesbeth van der Wal \u00a9<a href=\"http:\/\/www.santmedia.nl\" target=\"_blank\" rel=\"noopener noreferrer\">santmedia.nl<\/a><\/p>\n<p><em>Villa La Colombaia: Via Francesco Calise 130, 80075 Forio (Na) (isola Ischia)<\/em><\/p>\n<p><em>Voor vervoer naar en op het eiland Ischia huurden wij een auto van: Auto Europe\u00a0\u00a0<a href=\"http:\/\/www.autoeurope.nl\" target=\"_blank\" rel=\"noopener noreferrer\">www.autoeurope.nl<\/a><\/em><\/p>\n<p><em>Met dank aan Castello Aragonese \/ Albergo Il Monastero\u00a0\u00a0<a href=\"http:\/\/www.albergoilmonastero.it\" target=\"_blank\" rel=\"noopener noreferrer\">www.albergoilmonastero.it<\/a><\/em><\/p>\n<p><a href=\"http:\/\/www.santmedia.nl\">HOME<\/a><\/p>\n","protected":false},"excerpt":{"rendered":"<p>Een van de bekendste cineasten van Itali\u00eb, Luchiano Visconti (1906-1976) , kocht halverwege de vorige eeuw een oude villa op het vulkanische eiland Ischia in de golf van Napels. Het huis op Kaap Zaro \u2013 gebouwd op een gestolde lavastroom en uit het zicht onttrokken door parasoldennen en pijnbomen \u2013 werd al spoedig\u00a0een toevluchtsoord voor [&hellip;]<\/p>\n","protected":false},"author":3,"featured_media":2201,"comment_status":"closed","ping_status":"closed","sticky":false,"template":"","format":"standard","meta":{"footnotes":""},"categories":[564,26,5],"tags":[],"class_list":["post-2198","post","type-post","status-publish","format-standard","has-post-thumbnail","hentry","category-bijzondere-hotels","category-home","category-reizen","blog-blocks-layout","blog-style-postblock","","blog-alt-odd"],"yoast_head":"<!-- This site is optimized with the Yoast SEO plugin v27.3 - https:\/\/yoast.com\/product\/yoast-seo-wordpress\/ -->\n<title>Villa La Colombaia, Ischia - Om de West<\/title>\n<meta name=\"description\" content=\"Villa La Colombaia op Ischia, Italie, fotografie en tekst \u00a9santmedia.nl, reisfotografie, stockfoto&#039;s Italie, foto&#039;s Italie, Luchiano Visconti\" \/>\n<meta name=\"robots\" content=\"index, follow, max-snippet:-1, max-image-preview:large, max-video-preview:-1\" \/>\n<link rel=\"canonical\" href=\"https:\/\/www.santmedia.nl\/index.php\/villa-la-colombaia-ischia\/\" \/>\n<meta property=\"og:locale\" content=\"nl_NL\" \/>\n<meta property=\"og:type\" content=\"article\" \/>\n<meta property=\"og:title\" content=\"Villa La Colombaia, Ischia - Om de West\" \/>\n<meta property=\"og:description\" content=\"Villa La Colombaia op Ischia, Italie, fotografie en tekst \u00a9santmedia.nl, reisfotografie, stockfoto&#039;s Italie, foto&#039;s Italie, Luchiano Visconti\" \/>\n<meta property=\"og:url\" content=\"https:\/\/www.santmedia.nl\/index.php\/villa-la-colombaia-ischia\/\" \/>\n<meta property=\"og:site_name\" content=\"Om de West\" \/>\n<meta property=\"article:published_time\" content=\"2024-03-14T13:32:28+00:00\" \/>\n<meta property=\"article:modified_time\" content=\"2025-03-17T11:58:51+00:00\" \/>\n<meta property=\"og:image\" content=\"https:\/\/www.santmedia.nl\/wp-content\/uploads\/2024\/03\/LaColombaia1.jpg\" \/>\n\t<meta property=\"og:image:width\" content=\"1000\" \/>\n\t<meta property=\"og:image:height\" content=\"346\" \/>\n\t<meta property=\"og:image:type\" content=\"image\/jpeg\" \/>\n<meta name=\"author\" content=\"liesbeth\" \/>\n<meta name=\"twitter:label1\" content=\"Geschreven door\" \/>\n\t<meta name=\"twitter:data1\" content=\"\" \/>\n\t<meta name=\"twitter:label2\" content=\"Geschatte leestijd\" \/>\n\t<meta name=\"twitter:data2\" content=\"7 minuten\" \/>\n<script type=\"application\/ld+json\" class=\"yoast-schema-graph\">{\"@context\":\"https:\\\/\\\/schema.org\",\"@graph\":[{\"@type\":\"Article\",\"@id\":\"https:\\\/\\\/www.santmedia.nl\\\/index.php\\\/villa-la-colombaia-ischia\\\/#article\",\"isPartOf\":{\"@id\":\"https:\\\/\\\/www.santmedia.nl\\\/index.php\\\/villa-la-colombaia-ischia\\\/\"},\"author\":{\"name\":\"liesbeth\",\"@id\":\"https:\\\/\\\/www.santmedia.nl\\\/#\\\/schema\\\/person\\\/2a9ad5133b169491f289d6375f045209\"},\"headline\":\"Villa La Colombaia, Ischia\",\"datePublished\":\"2024-03-14T13:32:28+00:00\",\"dateModified\":\"2025-03-17T11:58:51+00:00\",\"mainEntityOfPage\":{\"@id\":\"https:\\\/\\\/www.santmedia.nl\\\/index.php\\\/villa-la-colombaia-ischia\\\/\"},\"wordCount\":1197,\"publisher\":{\"@id\":\"https:\\\/\\\/www.santmedia.nl\\\/#organization\"},\"image\":{\"@id\":\"https:\\\/\\\/www.santmedia.nl\\\/index.php\\\/villa-la-colombaia-ischia\\\/#primaryimage\"},\"thumbnailUrl\":\"https:\\\/\\\/www.santmedia.nl\\\/wp-content\\\/uploads\\\/2024\\\/03\\\/LaColombaia1.jpg\",\"articleSection\":[\"Bijzondere hotels\",\"Home\",\"Reizen\"],\"inLanguage\":\"nl-NL\"},{\"@type\":\"WebPage\",\"@id\":\"https:\\\/\\\/www.santmedia.nl\\\/index.php\\\/villa-la-colombaia-ischia\\\/\",\"url\":\"https:\\\/\\\/www.santmedia.nl\\\/index.php\\\/villa-la-colombaia-ischia\\\/\",\"name\":\"Villa La Colombaia, Ischia - Om de West\",\"isPartOf\":{\"@id\":\"https:\\\/\\\/www.santmedia.nl\\\/#website\"},\"primaryImageOfPage\":{\"@id\":\"https:\\\/\\\/www.santmedia.nl\\\/index.php\\\/villa-la-colombaia-ischia\\\/#primaryimage\"},\"image\":{\"@id\":\"https:\\\/\\\/www.santmedia.nl\\\/index.php\\\/villa-la-colombaia-ischia\\\/#primaryimage\"},\"thumbnailUrl\":\"https:\\\/\\\/www.santmedia.nl\\\/wp-content\\\/uploads\\\/2024\\\/03\\\/LaColombaia1.jpg\",\"datePublished\":\"2024-03-14T13:32:28+00:00\",\"dateModified\":\"2025-03-17T11:58:51+00:00\",\"description\":\"Villa La Colombaia op Ischia, Italie, fotografie en tekst \u00a9santmedia.nl, reisfotografie, stockfoto's Italie, foto's Italie, Luchiano Visconti\",\"breadcrumb\":{\"@id\":\"https:\\\/\\\/www.santmedia.nl\\\/index.php\\\/villa-la-colombaia-ischia\\\/#breadcrumb\"},\"inLanguage\":\"nl-NL\",\"potentialAction\":[{\"@type\":\"ReadAction\",\"target\":[\"https:\\\/\\\/www.santmedia.nl\\\/index.php\\\/villa-la-colombaia-ischia\\\/\"]}]},{\"@type\":\"ImageObject\",\"inLanguage\":\"nl-NL\",\"@id\":\"https:\\\/\\\/www.santmedia.nl\\\/index.php\\\/villa-la-colombaia-ischia\\\/#primaryimage\",\"url\":\"https:\\\/\\\/www.santmedia.nl\\\/wp-content\\\/uploads\\\/2024\\\/03\\\/LaColombaia1.jpg\",\"contentUrl\":\"https:\\\/\\\/www.santmedia.nl\\\/wp-content\\\/uploads\\\/2024\\\/03\\\/LaColombaia1.jpg\",\"width\":1000,\"height\":346},{\"@type\":\"BreadcrumbList\",\"@id\":\"https:\\\/\\\/www.santmedia.nl\\\/index.php\\\/villa-la-colombaia-ischia\\\/#breadcrumb\",\"itemListElement\":[{\"@type\":\"ListItem\",\"position\":1,\"name\":\"Home\",\"item\":\"https:\\\/\\\/www.santmedia.nl\\\/\"},{\"@type\":\"ListItem\",\"position\":2,\"name\":\"Villa La Colombaia, Ischia\"}]},{\"@type\":\"WebSite\",\"@id\":\"https:\\\/\\\/www.santmedia.nl\\\/#website\",\"url\":\"https:\\\/\\\/www.santmedia.nl\\\/\",\"name\":\"Om de West\",\"description\":\"Santmedia.nl - Magazine online\",\"publisher\":{\"@id\":\"https:\\\/\\\/www.santmedia.nl\\\/#organization\"},\"potentialAction\":[{\"@type\":\"SearchAction\",\"target\":{\"@type\":\"EntryPoint\",\"urlTemplate\":\"https:\\\/\\\/www.santmedia.nl\\\/?s={search_term_string}\"},\"query-input\":{\"@type\":\"PropertyValueSpecification\",\"valueRequired\":true,\"valueName\":\"search_term_string\"}}],\"inLanguage\":\"nl-NL\"},{\"@type\":\"Organization\",\"@id\":\"https:\\\/\\\/www.santmedia.nl\\\/#organization\",\"name\":\"Om de West\",\"url\":\"https:\\\/\\\/www.santmedia.nl\\\/\",\"logo\":{\"@type\":\"ImageObject\",\"inLanguage\":\"nl-NL\",\"@id\":\"https:\\\/\\\/www.santmedia.nl\\\/#\\\/schema\\\/logo\\\/image\\\/\",\"url\":\"https:\\\/\\\/www.santmedia.nl\\\/wp-content\\\/uploads\\\/2024\\\/03\\\/Yellowstone0558.jpg\",\"contentUrl\":\"https:\\\/\\\/www.santmedia.nl\\\/wp-content\\\/uploads\\\/2024\\\/03\\\/Yellowstone0558.jpg\",\"width\":900,\"height\":450,\"caption\":\"Om de West\"},\"image\":{\"@id\":\"https:\\\/\\\/www.santmedia.nl\\\/#\\\/schema\\\/logo\\\/image\\\/\"}},{\"@type\":\"Person\",\"@id\":\"https:\\\/\\\/www.santmedia.nl\\\/#\\\/schema\\\/person\\\/2a9ad5133b169491f289d6375f045209\",\"name\":\"liesbeth\",\"sameAs\":[\"https:\\\/\\\/www.santmedia.nl\"],\"url\":\"https:\\\/\\\/www.santmedia.nl\\\/index.php\\\/author\\\/succes1960\\\/\"}]}<\/script>\n<!-- \/ Yoast SEO plugin. -->","yoast_head_json":{"title":"Villa La Colombaia, Ischia - Om de West","description":"Villa La Colombaia op Ischia, Italie, fotografie en tekst \u00a9santmedia.nl, reisfotografie, stockfoto's Italie, foto's Italie, Luchiano Visconti","robots":{"index":"index","follow":"follow","max-snippet":"max-snippet:-1","max-image-preview":"max-image-preview:large","max-video-preview":"max-video-preview:-1"},"canonical":"https:\/\/www.santmedia.nl\/index.php\/villa-la-colombaia-ischia\/","og_locale":"nl_NL","og_type":"article","og_title":"Villa La Colombaia, Ischia - Om de West","og_description":"Villa La Colombaia op Ischia, Italie, fotografie en tekst \u00a9santmedia.nl, reisfotografie, stockfoto's Italie, foto's Italie, Luchiano Visconti","og_url":"https:\/\/www.santmedia.nl\/index.php\/villa-la-colombaia-ischia\/","og_site_name":"Om de West","article_published_time":"2024-03-14T13:32:28+00:00","article_modified_time":"2025-03-17T11:58:51+00:00","og_image":[{"width":1000,"height":346,"url":"https:\/\/www.santmedia.nl\/wp-content\/uploads\/2024\/03\/LaColombaia1.jpg","type":"image\/jpeg"}],"author":"liesbeth","twitter_misc":{"Geschreven door":false,"Geschatte leestijd":"7 minuten"},"schema":{"@context":"https:\/\/schema.org","@graph":[{"@type":"Article","@id":"https:\/\/www.santmedia.nl\/index.php\/villa-la-colombaia-ischia\/#article","isPartOf":{"@id":"https:\/\/www.santmedia.nl\/index.php\/villa-la-colombaia-ischia\/"},"author":{"name":"liesbeth","@id":"https:\/\/www.santmedia.nl\/#\/schema\/person\/2a9ad5133b169491f289d6375f045209"},"headline":"Villa La Colombaia, Ischia","datePublished":"2024-03-14T13:32:28+00:00","dateModified":"2025-03-17T11:58:51+00:00","mainEntityOfPage":{"@id":"https:\/\/www.santmedia.nl\/index.php\/villa-la-colombaia-ischia\/"},"wordCount":1197,"publisher":{"@id":"https:\/\/www.santmedia.nl\/#organization"},"image":{"@id":"https:\/\/www.santmedia.nl\/index.php\/villa-la-colombaia-ischia\/#primaryimage"},"thumbnailUrl":"https:\/\/www.santmedia.nl\/wp-content\/uploads\/2024\/03\/LaColombaia1.jpg","articleSection":["Bijzondere hotels","Home","Reizen"],"inLanguage":"nl-NL"},{"@type":"WebPage","@id":"https:\/\/www.santmedia.nl\/index.php\/villa-la-colombaia-ischia\/","url":"https:\/\/www.santmedia.nl\/index.php\/villa-la-colombaia-ischia\/","name":"Villa La Colombaia, Ischia - Om de West","isPartOf":{"@id":"https:\/\/www.santmedia.nl\/#website"},"primaryImageOfPage":{"@id":"https:\/\/www.santmedia.nl\/index.php\/villa-la-colombaia-ischia\/#primaryimage"},"image":{"@id":"https:\/\/www.santmedia.nl\/index.php\/villa-la-colombaia-ischia\/#primaryimage"},"thumbnailUrl":"https:\/\/www.santmedia.nl\/wp-content\/uploads\/2024\/03\/LaColombaia1.jpg","datePublished":"2024-03-14T13:32:28+00:00","dateModified":"2025-03-17T11:58:51+00:00","description":"Villa La Colombaia op Ischia, Italie, fotografie en tekst \u00a9santmedia.nl, reisfotografie, stockfoto's Italie, foto's Italie, Luchiano Visconti","breadcrumb":{"@id":"https:\/\/www.santmedia.nl\/index.php\/villa-la-colombaia-ischia\/#breadcrumb"},"inLanguage":"nl-NL","potentialAction":[{"@type":"ReadAction","target":["https:\/\/www.santmedia.nl\/index.php\/villa-la-colombaia-ischia\/"]}]},{"@type":"ImageObject","inLanguage":"nl-NL","@id":"https:\/\/www.santmedia.nl\/index.php\/villa-la-colombaia-ischia\/#primaryimage","url":"https:\/\/www.santmedia.nl\/wp-content\/uploads\/2024\/03\/LaColombaia1.jpg","contentUrl":"https:\/\/www.santmedia.nl\/wp-content\/uploads\/2024\/03\/LaColombaia1.jpg","width":1000,"height":346},{"@type":"BreadcrumbList","@id":"https:\/\/www.santmedia.nl\/index.php\/villa-la-colombaia-ischia\/#breadcrumb","itemListElement":[{"@type":"ListItem","position":1,"name":"Home","item":"https:\/\/www.santmedia.nl\/"},{"@type":"ListItem","position":2,"name":"Villa La Colombaia, Ischia"}]},{"@type":"WebSite","@id":"https:\/\/www.santmedia.nl\/#website","url":"https:\/\/www.santmedia.nl\/","name":"Om de West","description":"Santmedia.nl - Magazine online","publisher":{"@id":"https:\/\/www.santmedia.nl\/#organization"},"potentialAction":[{"@type":"SearchAction","target":{"@type":"EntryPoint","urlTemplate":"https:\/\/www.santmedia.nl\/?s={search_term_string}"},"query-input":{"@type":"PropertyValueSpecification","valueRequired":true,"valueName":"search_term_string"}}],"inLanguage":"nl-NL"},{"@type":"Organization","@id":"https:\/\/www.santmedia.nl\/#organization","name":"Om de West","url":"https:\/\/www.santmedia.nl\/","logo":{"@type":"ImageObject","inLanguage":"nl-NL","@id":"https:\/\/www.santmedia.nl\/#\/schema\/logo\/image\/","url":"https:\/\/www.santmedia.nl\/wp-content\/uploads\/2024\/03\/Yellowstone0558.jpg","contentUrl":"https:\/\/www.santmedia.nl\/wp-content\/uploads\/2024\/03\/Yellowstone0558.jpg","width":900,"height":450,"caption":"Om de West"},"image":{"@id":"https:\/\/www.santmedia.nl\/#\/schema\/logo\/image\/"}},{"@type":"Person","@id":"https:\/\/www.santmedia.nl\/#\/schema\/person\/2a9ad5133b169491f289d6375f045209","name":"liesbeth","sameAs":["https:\/\/www.santmedia.nl"],"url":"https:\/\/www.santmedia.nl\/index.php\/author\/succes1960\/"}]}},"_links":{"self":[{"href":"https:\/\/www.santmedia.nl\/index.php\/wp-json\/wp\/v2\/posts\/2198","targetHints":{"allow":["GET"]}}],"collection":[{"href":"https:\/\/www.santmedia.nl\/index.php\/wp-json\/wp\/v2\/posts"}],"about":[{"href":"https:\/\/www.santmedia.nl\/index.php\/wp-json\/wp\/v2\/types\/post"}],"author":[{"embeddable":true,"href":"https:\/\/www.santmedia.nl\/index.php\/wp-json\/wp\/v2\/users\/3"}],"replies":[{"embeddable":true,"href":"https:\/\/www.santmedia.nl\/index.php\/wp-json\/wp\/v2\/comments?post=2198"}],"version-history":[{"count":6,"href":"https:\/\/www.santmedia.nl\/index.php\/wp-json\/wp\/v2\/posts\/2198\/revisions"}],"predecessor-version":[{"id":2685,"href":"https:\/\/www.santmedia.nl\/index.php\/wp-json\/wp\/v2\/posts\/2198\/revisions\/2685"}],"wp:featuredmedia":[{"embeddable":true,"href":"https:\/\/www.santmedia.nl\/index.php\/wp-json\/wp\/v2\/media\/2201"}],"wp:attachment":[{"href":"https:\/\/www.santmedia.nl\/index.php\/wp-json\/wp\/v2\/media?parent=2198"}],"wp:term":[{"taxonomy":"category","embeddable":true,"href":"https:\/\/www.santmedia.nl\/index.php\/wp-json\/wp\/v2\/categories?post=2198"},{"taxonomy":"post_tag","embeddable":true,"href":"https:\/\/www.santmedia.nl\/index.php\/wp-json\/wp\/v2\/tags?post=2198"}],"curies":[{"name":"wp","href":"https:\/\/api.w.org\/{rel}","templated":true}]}}